[{"@context":"https:\/\/schema.org\/","@type":"Article","@id":"https:\/\/www.stavir.cz\/chytry-telefon\/#Article","mainEntityOfPage":"https:\/\/www.stavir.cz\/chytry-telefon\/","headline":"Chytr\u00fd telefon","name":"Chytr\u00fd telefon","description":"M\u016fj mobiln\u00ed telefon jsem si p\u0159\u00e1la, kdy\u017e mi bylo asi patn\u00e1ct let. V t\u00e9 dob\u011b sice je\u0161t\u011b mobiln\u00ed telefony nebyly tak roz\u0161\u00ed\u0159en\u00e9, jako dnes, ale i tak si ho p\u0159\u00e1la, ale bohu\u017eel se mi to nesplnilo. A kdy\u017e jsem si... ","datePublished":"2022-08-03","dateModified":"2023-05-06","author":{"@type":"Person","@id":"https:\/\/www.stavir.cz\/author\/devene\/#Person","name":"devene","url":"https:\/\/www.stavir.cz\/author\/devene\/","identifier":1,"image":{"@type":"ImageObject","@id":"https:\/\/secure.gravatar.com\/avatar\/a231d13c7dfc9c75f2343f864438f5ab9c0bfebd1aa37dfd3bb16118c04f838c?s=96&d=mm&r=g","url":"https:\/\/secure.gravatar.com\/avatar\/a231d13c7dfc9c75f2343f864438f5ab9c0bfebd1aa37dfd3bb16118c04f838c?s=96&d=mm&r=g","height":96,"width":96}},"publisher":{"@type":"Organization","name":"stavir.cz","logo":{"@type":"ImageObject","@id":"\/logo.png","url":"\/logo.png","width":600,"height":60}},"image":{"@type":"ImageObject","@id":"https:\/\/www.stavir.cz\/wp-content\/uploads\/phone-1869510_960_720_4.jpg","url":"https:\/\/www.stavir.cz\/wp-content\/uploads\/phone-1869510_960_720_4.jpg","height":0,"width":0},"url":"https:\/\/www.stavir.cz\/chytry-telefon\/","about":["Mobil"],"wordCount":407,"articleBody":"M\u016fj mobiln\u00ed telefon jsem si p\u0159\u00e1la, kdy\u017e mi bylo asi patn\u00e1ct let. V t\u00e9 dob\u011b sice je\u0161t\u011b mobiln\u00ed telefony nebyly tak roz\u0161\u00ed\u0159en\u00e9, jako dnes, ale i tak si ho p\u0159\u00e1la, ale bohu\u017eel se mi to nesplnilo. A kdy\u017e jsem si na V\u00e1noce jako jedin\u00fd d\u00e1rek p\u0159\u00e1la mobil, tak jsem ho bohu\u017eel nedostala. Dostala jsem m\u00edsto toho pouze sam\u00e9 knihy anebo oble\u010den\u00ed. V\u016fbec si nedok\u00e1\u017eete p\u0159edstavit tu bolest, jakou jsem c\u00edtila v srdci. Opravdu jsem m\u011bla za to, \u017ee mobiln\u00ed telefon na V\u00e1noce dostanu. Ov\u0161em ale tohle nebylo v\u0161echno smutn\u00e9, co jsem na V\u00e1noce za\u017eila. Bohu\u017eel jsem ihned ztratila jednu knihu, kterou mi dala maminka na V\u00e1noce. Bylo mi to opravdu l\u00edto, proto\u017ee jsem ji cht\u011bla uk\u00e1zat sv\u00e9 kamar\u00e1dce. Vzala jsem j\u00ed tedy ven, ale bohu\u017eel jsem ji asi nechala n\u011bkde polo\u017eenou, tak ji n\u011bkdo vzal. A opravdu mi doma rodi\u010de nadali. A abych v\u00e1m pravdu \u0159ekla, m\u011bla jsem velmi p\u0159\u00edsn\u00e9 rodi\u010de.A mo\u017en\u00e1 kv\u016fli tomu, \u017ee rodi\u010de byli p\u0159\u00edsn\u00ed, tak mi ani nedovolili m\u00edt mobiln\u00ed telefon. Oba dva se sice mobiln\u00ed telefony m\u011bli, a to u\u017e docela i kvalitn\u00ed, ov\u0161em m\u011b st\u00e1le dr\u017eeli zkr\u00e1tka. \u0158ekli mi, \u017ee kdy\u017e budu m\u00edt mobiln\u00ed telefon, \u017ee se potom nebudu ve \u0161kole v\u016fbec sna\u017eit a budu propadat. Jenom\u017ee to byli na omylu. J\u00e1 jsem m\u011bla za to, \u017ee kdy\u017e budu m\u00edt mobiln\u00ed telefon, tak se budu u\u010dit l\u00e9pe. Tohle jsem jim slibovala, jak jsem mohla, ale bohu\u017eel mi to nikdy nevy\u0161lo. A mobiln\u00ed telefon jsem si musela koupit a\u017e ze sv\u00e9 brig\u00e1dy, kdy mi bylo asi sedmn\u00e1ct let. Nyn\u00ed u\u017e m\u00e1m ale dokonal\u00fd mobil, m\u00e1m takov\u00fd chytr\u00fd telefon, kter\u00fd mi vyhovuje a mohu s n\u00edm d\u011blat taky fotky. Anebo s n\u00edm pracovat. J\u00e1 toti\u017e velmi \u010dasto\u00a0pracuji\u00a0na\u00a0home\u00a0office, tak\u017ee se\u00a0mi\u00a0kvalitn\u00ed a chytr\u00fd telefon v\u017edycky hod\u00ed. A kdy\u017e to vezmu kolem a kolem, tak\u00a0nen\u00ed\u00a0nad mobily. Spoj\u00ed n\u00e1s poka\u017ed\u00e9 s t\u00edm, se kter\u00fdm\u00a0chceme\u00a0mluvit. Vzpom\u00edn\u00e1m na ty doby, kdy nebyl mobil. To potom byly domluvy s lidmi opravdu slo\u017eit\u00e9.\u00a0                                                                                                                                                                                                                                                                                                                                                                                        4.7\/5 - (9 votes)        "},{"@context":"https:\/\/schema.org\/","@type":"BreadcrumbList","itemListElement":[{"@type":"ListItem","position":1,"name":"Chytr\u00fd telefon","item":"https:\/\/www.stavir.cz\/chytry-telefon\/#breadcrumbitem"}]}]