[{"@context":"https:\/\/schema.org\/","@type":"Article","@id":"https:\/\/www.stavir.cz\/co-vsechno-muzete-delat-se-seminky\/#Article","mainEntityOfPage":"https:\/\/www.stavir.cz\/co-vsechno-muzete-delat-se-seminky\/","headline":"Co v\u0161echno m\u016f\u017eete d\u011blat se sem\u00ednky","name":"Co v\u0161echno m\u016f\u017eete d\u011blat se sem\u00ednky","description":"1. S\u00e1zen\u00ed a skl\u00edzen\u00ed S\u00e1zen\u00ed sem\u00ednek a jejich n\u00e1sledn\u00e9 p\u011bstov\u00e1n\u00ed nen\u00ed nikterak n\u00e1ro\u010dn\u00e9 a pustit se do n\u011bj m\u016f\u017ee kdokoliv. Nav\u00edc k tomu nebudete pot\u0159ebovat mnoho v\u011bc\u00ed, vysta\u010d\u00edte si s kv\u011btin\u00e1\u010di \u010di truhl\u00edky, hl\u00ednou a sem\u00ednky. Pokud se v\u00e1m poda\u0159\u00ed... ","datePublished":"2018-05-10","dateModified":"2023-05-06","author":{"@type":"Person","@id":"https:\/\/www.stavir.cz\/author\/devene\/#Person","name":"devene","url":"https:\/\/www.stavir.cz\/author\/devene\/","identifier":1,"image":{"@type":"ImageObject","@id":"https:\/\/secure.gravatar.com\/avatar\/a231d13c7dfc9c75f2343f864438f5ab9c0bfebd1aa37dfd3bb16118c04f838c?s=96&d=mm&r=g","url":"https:\/\/secure.gravatar.com\/avatar\/a231d13c7dfc9c75f2343f864438f5ab9c0bfebd1aa37dfd3bb16118c04f838c?s=96&d=mm&r=g","height":96,"width":96}},"publisher":{"@type":"Organization","name":"stavir.cz","logo":{"@type":"ImageObject","@id":"\/logo.png","url":"\/logo.png","width":600,"height":60}},"image":{"@type":"ImageObject","@id":"https:\/\/www.stavir.cz\/wp-content\/uploads\/img_a317684_w2435_t1528437710.jpg","url":"https:\/\/www.stavir.cz\/wp-content\/uploads\/img_a317684_w2435_t1528437710.jpg","height":0,"width":0},"url":"https:\/\/www.stavir.cz\/co-vsechno-muzete-delat-se-seminky\/","about":["N\u00e1kupy"],"wordCount":446,"articleBody":"       1. S\u00e1zen\u00ed a skl\u00edzen\u00ed  S\u00e1zen\u00ed sem\u00ednek a jejich n\u00e1sledn\u00e9 p\u011bstov\u00e1n\u00ed nen\u00ed nikterak n\u00e1ro\u010dn\u00e9 a pustit se do n\u011bj m\u016f\u017ee kdokoliv. Nav\u00edc k tomu nebudete pot\u0159ebovat mnoho v\u011bc\u00ed, vysta\u010d\u00edte si s kv\u011btin\u00e1\u010di \u010di truhl\u00edky, hl\u00ednou a sem\u00ednky. Pokud se v\u00e1m poda\u0159\u00ed sehnat sem\u00ednka v biokvalit\u011b t\u00edm l\u00e9pe. P\u0159i p\u011bstov\u00e1n\u00ed se vyh\u00fdbejte chemick\u00fdm p\u0159\u00edpravk\u016fm. Ke skl\u00edzen\u00ed jsou sem\u00ednka p\u0159ipravena v okam\u017eiku, kdy rostlina odkvete a jej\u00ed kv\u011bt za\u010dne schnout. V t\u011bchto dnech je t\u0159eba kv\u011btinu hl\u00eddat, abyste neprop\u00e1sli spr\u00e1vn\u00fd okam\u017eik a sem\u00ednka se nerozsypala do m\u00edst, do kter\u00fdch nechcete. Usu\u0161en\u00e1 sem\u00ednka m\u016f\u017eete ulo\u017eit bu\u010f do vzduchot\u011bsn\u00e9 n\u00e1doby do kuchyn\u011b, nebo je uschovat k zasazen\u00ed na dal\u0161\u00ed rok.   2. Nam\u00e1\u010den\u00ed a nakl\u00ed\u010den\u00ed  V okam\u017eiku, kdy such\u00e9 sem\u00ednko namo\u010d\u00edte do vody, probud\u00ed se v n\u011bm op\u011bt \u017eivot. Sem\u00ednka jsou chr\u00e1n\u011bna proti nep\u0159\u00edzniv\u00fdm vliv\u016fm okol\u00ed tzv. fyt\u00e1ty. Pokud v\u0161ak dojde k namo\u010den\u00ed semen, tyto fyt\u00e1ty se postupn\u011b rozlo\u017e\u00ed. Namo\u010den\u00e1 sem\u00ednka dok\u00e1\u017eou nas\u00e1knout velk\u00e9 mno\u017estv\u00ed vody, \u010d\u00edm\u017e doch\u00e1z\u00ed i ke zv\u011bt\u0161en\u00ed jejich objemu. \u017diviny, kter\u00e9 jsou v nich obsa\u017een\u00e9, se r\u00e1zem st\u00e1vaj\u00ed l\u00e9pe straviteln\u00e9. Lidsk\u00e9 t\u011blo je dok\u00e1\u017ee l\u00e9pe zpracovat. Pokud se jedn\u00e1 o nakli\u010dov\u00e1n\u00ed, sem\u00ednka nejl\u00e9pe nakl\u00ed\u010d\u00ed v keramick\u00fdch \u010di porcel\u00e1nov\u00fdch n\u00e1dob\u00e1ch https:\/\/www.nakliceno.cz\/misky-na-kliceni\/ s d\u011brav\u00fdm v\u00ed\u010dkem. Sem\u00ednka nat\u00e1hnou vodu a dojde k aktivaci enzym\u016f.  3. Pra\u017een\u00ed Sem\u00ednka byste m\u011bli uschov\u00e1vat ve vzduchot\u011bsn\u00fdch n\u00e1dob\u00e1ch, ide\u00e1ln\u011b v temn\u00e9m a chladn\u011bj\u0161\u00edm prost\u0159ed\u00ed. Jsou toti\u017e podobn\u011b jako o\u0159echy citliv\u00e1 na teplo. To m\u011bjte na pam\u011bti i p\u0159i jejich zpracov\u00e1n\u00ed. Pokud se pust\u00edte do jejich pra\u017een\u00ed, je lep\u0161\u00ed pra\u017eit spole\u010dn\u011b jen sem\u00ednka stejn\u00e9 velikosti. U mal\u00fdch sem\u00ednek si dejte pozor, abyste je nesp\u00e1lili. Zkuste je polo\u017eit na plech s pe\u010d\u00edc\u00edm pap\u00edrem do ji\u017e vypnut\u00e9, ale st\u00e1le tepl\u00e9 trouby. Pro pra\u017een\u00ed na such\u00e9 p\u00e1nvi pot\u0159ebujete p\u00e1nev se siln\u00fdm dnem. Pr\u016fb\u011b\u017en\u011b s nimi t\u0159este, aby se v\u0161echna rovnom\u011brn\u011b opra\u017eila. Takov\u00e1to opra\u017een\u00e1 sem\u00ednka se skv\u011ble hod\u00ed nap\u0159\u00edklad do sal\u00e1t\u016f.                                                                                                                                                                                                                                                                                                                                                                                           4.5\/5 - (12 votes)        "},{"@context":"https:\/\/schema.org\/","@type":"BreadcrumbList","itemListElement":[{"@type":"ListItem","position":1,"name":"Co v\u0161echno m\u016f\u017eete d\u011blat se sem\u00ednky","item":"https:\/\/www.stavir.cz\/co-vsechno-muzete-delat-se-seminky\/#breadcrumbitem"}]}]