[{"@context":"https:\/\/schema.org\/","@type":"Article","@id":"https:\/\/www.stavir.cz\/milujeme-vanoce\/#Article","mainEntityOfPage":"https:\/\/www.stavir.cz\/milujeme-vanoce\/","headline":"Milujeme V\u00e1noce","name":"Milujeme V\u00e1noce","description":"L\u00e1ska k lidsk\u00e9mu \u017eivotu neodmysliteln\u011b pat\u0159\u00ed, a kdo se bude sna\u017eit tomu oponovat, d\u0159\u00edve nebo pozd\u011bji pozn\u00e1, \u017ee se zm\u00fdlil. L\u00e1ska se m\u016f\u017ee projevovat mnoha sm\u011bry, nej\u010dast\u011bji mezi lidmi v rodinn\u00e9m, partnersk\u00e9m \u010di p\u0159\u00edbuzensk\u00e9m sou\u017eit\u00ed, ale tak\u00e9 n\u00e1klonnost\u00ed k ur\u010dit\u00fdm... ","datePublished":"2024-02-04","dateModified":"2024-02-04","author":{"@type":"Person","@id":"https:\/\/www.stavir.cz\/author\/devene\/#Person","name":"devene","url":"https:\/\/www.stavir.cz\/author\/devene\/","identifier":1,"image":{"@type":"ImageObject","@id":"https:\/\/secure.gravatar.com\/avatar\/a231d13c7dfc9c75f2343f864438f5ab9c0bfebd1aa37dfd3bb16118c04f838c?s=96&d=mm&r=g","url":"https:\/\/secure.gravatar.com\/avatar\/a231d13c7dfc9c75f2343f864438f5ab9c0bfebd1aa37dfd3bb16118c04f838c?s=96&d=mm&r=g","height":96,"width":96}},"publisher":{"@type":"Organization","name":"stavir.cz","logo":{"@type":"ImageObject","@id":"\/logo.png","url":"\/logo.png","width":600,"height":60}},"image":{"@type":"ImageObject","@id":"https:\/\/www.stavir.cz\/wp-content\/uploads\/christmas-6828416_640.jpg","url":"https:\/\/www.stavir.cz\/wp-content\/uploads\/christmas-6828416_640.jpg","height":0,"width":0},"url":"https:\/\/www.stavir.cz\/milujeme-vanoce\/","about":["Business"],"wordCount":480,"articleBody":"   L\u00e1ska k lidsk\u00e9mu \u017eivotu neodmysliteln\u011b pat\u0159\u00ed, a kdo se bude sna\u017eit tomu oponovat, d\u0159\u00edve nebo pozd\u011bji pozn\u00e1, \u017ee se zm\u00fdlil. L\u00e1ska se m\u016f\u017ee projevovat mnoha sm\u011bry, nej\u010dast\u011bji mezi lidmi v rodinn\u00e9m, partnersk\u00e9m \u010di p\u0159\u00edbuzensk\u00e9m sou\u017eit\u00ed, ale tak\u00e9 n\u00e1klonnost\u00ed k ur\u010dit\u00fdm \u017eivotn\u00edm styl\u016fm, \u010dinnostem nebo p\u0159edm\u011bt\u016fm. Jedn\u00edm z nejkr\u00e1sn\u011bj\u0161\u00edch vyj\u00e1d\u0159en\u00ed l\u00e1sky jsou V\u00e1noce. V\u011bt\u0161ina z v\u00e1s je vn\u00edm\u00e1 jako sv\u00e1tky klidu, m\u00edru, pohody a \u0161t\u011bst\u00ed, a tak bychom je m\u011bli v tomto duchu tak\u00e9 oslavovat. M\u011bli bychom se obklopit t\u00edm nejp\u016fsobiv\u011bj\u0161\u00edm, co m\u00e1me doma, a\u0165 u\u017e se jedn\u00e1 o oble\u010den\u00ed, anebo dekorativn\u00ed v\u00fdzdobu.N\u011bkter\u00fdm lidem nesta\u010d\u00ed jen to, \u017ee si na \u0160t\u011bdr\u00fd den ozdob\u00ed v\u00e1no\u010dn\u00ed stromek, zav\u011bs\u00ed na z\u00e1clony barevn\u00e9 \u017e\u00e1rovi\u010dky, polo\u017e\u00ed na st\u016fl bramborov\u00fd sal\u00e1t a pochutnaj\u00ed si na sma\u017een\u00e9m \u0159\u00edzku, a\u0165 u\u017e masit\u00e9m, anebo vegetari\u00e1nsk\u00e9m, mus\u00ed m\u00edt prostory kolem sebe tak\u00e9 pat\u0159i\u010dn\u011b vyzdoben\u00e9. Teprve tehdy se odhodlaj\u00ed do bytu vpustit n\u00e1v\u0161t\u011bvu \u2013 sousedy, spolu\u017e\u00e1ky, kolegy z pr\u00e1ce, a t\u0159eba i zatoulanou ko\u010dku, kterou n\u011bkdo z\u00e1m\u011brn\u011b opustil a hanebn\u011b odlo\u017eil u kontejner\u016f na odpadky.Stylov\u00e9 oble\u010den\u00ed \u2013 v\u00edte, \u017ee se m\u016f\u017eete na V\u00e1noce i stylov\u011b obl\u00e9knout? Nemus\u00edte zrovna kop\u00edrovat Santa Klause, kdy\u017e m\u00e1me sv\u00e9ho Je\u017e\u00ed\u0161ka, a nemus\u00edte m\u00edt na sob\u011b \u010derven\u00e9 pun\u010dochy a \u010depici s rolni\u010dkou, klidn\u011b si dop\u0159ejte jen sv\u00e1te\u010dn\u00ed tepl\u00e1kovou soupravu s v\u00e1no\u010dn\u00edmi motivy, anebo prost\u011b docela oby\u010dejn\u00e9 v\u00e1no\u010dn\u00ed l\u00e1tky, z nich\u017e se d\u00e1 u\u0161\u00edt prakticky cokoli.Stylov\u00e9 prost\u00edr\u00e1n\u00ed \u2013 jak\u00e9 by to byly V\u00e1noce bez v\u00e1no\u010dn\u00edho ubrusu, prost\u00edr\u00e1n\u00ed, z\u00e1v\u011bs\u016f a z\u00e1clon? Pr\u00e1v\u011b v t\u00e9to dob\u011b by m\u011bl b\u00fdt byt jako kl\u00edcka, abyste se nemuseli styd\u011bt n\u011bkoho dom\u016f pozvat. Lid\u00e9 se na V\u00e1noce r\u00e1di nav\u0161t\u011bvuj\u00ed, a tento zvyk p\u0159etrv\u00e1v\u00e1 prakticky od 23. prosince a\u017e do druh\u00e9ho ledna.Stylov\u00e9 l\u016f\u017ekoviny \u2013 k v\u00e1no\u010dn\u00edmu obdob\u00ed se hod\u00ed i stylov\u00e1 prost\u011bradla a povle\u010den\u00ed se zlatav\u00fdmi t\u0159pytiv\u00fdmi motivy. Mo\u017en\u00e1, \u017ee pr\u00e1v\u011b s nimi se v\u00e1m bude nejen l\u00e9pe relaxovat a sp\u00e1t, ale i milovat. A mo\u017en\u00e1, \u017ee zrovna v obdob\u00ed V\u00e1noc po\u010dnete z\u00e1rodek mal\u00e9ho miminka, kter\u00e9 se narod\u00ed p\u0159\u00ed\u0161t\u00ed rok ke konci z\u00e1\u0159\u00ed, a bude to v den, kdy slav\u00ed sv\u00e1tek Zlata, p\u0159\u00edzna\u010dn\u00e9, \u017ee?                                                                                                                                                                                                                                                                                                                                                                                          4.6\/5 - (9 votes)        "},{"@context":"https:\/\/schema.org\/","@type":"BreadcrumbList","itemListElement":[{"@type":"ListItem","position":1,"name":"Milujeme V\u00e1noce","item":"https:\/\/www.stavir.cz\/milujeme-vanoce\/#breadcrumbitem"}]}]