[{"@context":"https:\/\/schema.org\/","@type":"Article","@id":"https:\/\/www.stavir.cz\/moje-laska-ze-skolky\/#Article","mainEntityOfPage":"https:\/\/www.stavir.cz\/moje-laska-ze-skolky\/","headline":"Moje l\u00e1ska ze \u0161kolky","name":"Moje l\u00e1ska ze \u0161kolky","description":"Dodnes ho potk\u00e1v\u00e1m ve m\u011bst\u011b, kde oba od narozen\u00ed \u017eijeme a dodnes, i kdy\u017e u\u017e m\u00e1m svou rodinu, kterou miluji, na n\u011bj tak r\u00e1da vzpom\u00edn\u00e1m. \u0158\u00edk\u00e1 se, \u017ee prvn\u00ed l\u00e1ska je jen jedna. Ta moje, \u00fapln\u011b prvn\u00ed, byla pr\u00e1v\u011b \u0161kolkov\u00e1.... ","datePublished":"2024-11-23","dateModified":"2024-11-23","author":{"@type":"Person","@id":"https:\/\/www.stavir.cz\/author\/devene\/#Person","name":"devene","url":"https:\/\/www.stavir.cz\/author\/devene\/","identifier":1,"image":{"@type":"ImageObject","@id":"https:\/\/secure.gravatar.com\/avatar\/a231d13c7dfc9c75f2343f864438f5ab9c0bfebd1aa37dfd3bb16118c04f838c?s=96&d=mm&r=g","url":"https:\/\/secure.gravatar.com\/avatar\/a231d13c7dfc9c75f2343f864438f5ab9c0bfebd1aa37dfd3bb16118c04f838c?s=96&d=mm&r=g","height":96,"width":96}},"publisher":{"@type":"Organization","name":"stavir.cz","logo":{"@type":"ImageObject","@id":"\/logo.png","url":"\/logo.png","width":600,"height":60}},"url":"https:\/\/www.stavir.cz\/moje-laska-ze-skolky\/","wordCount":234,"articleBody":"Dodnes ho potk\u00e1v\u00e1m ve m\u011bst\u011b, kde oba od narozen\u00ed \u017eijeme a dodnes, i kdy\u017e u\u017e m\u00e1m svou rodinu, kterou miluji, na n\u011bj tak r\u00e1da vzpom\u00edn\u00e1m. \u0158\u00edk\u00e1 se, \u017ee prvn\u00ed l\u00e1ska je jen jedna. Ta moje, \u00fapln\u011b prvn\u00ed, byla pr\u00e1v\u011b \u0161kolkov\u00e1. Chr\u00e1nili jsme jeden druh\u00e9ho, na proch\u00e1zce se dr\u017eeli za ruce, a post\u00fdlky jsme m\u011bli v\u017edycky vedle sebe. Nejhez\u010d\u00ed to ale bylo v l\u00e9t\u011b, kdy\u017e jsme chodili do p\u0159\u00edrody a j\u00e1 se poprv\u00e9 vd\u00e1vala. Prost\u011b jsme si \u0159ekli, \u017ee se v p\u00e1tek budeme br\u00e1t a tak jsme to taky ud\u011blali. J\u00e1 si ten den vzala do \u0161kolky \u0161aty a on vyrobil ze sedmikr\u00e1sek z\u00e1snubn\u00ed prsteny. Bylo to moc kr\u00e1sn\u00e9.Spojovac\u00ed krou\u017ekyKrou\u017eky, kter\u00e9 dva lidi spoj\u00ed. O tom jsou z\u00e1snuby zavr\u0161en\u00e9 slavnostn\u00edm ob\u0159adem. N\u011bkdo ale tuhle \u010d\u00e1st vztahu, kter\u00e1 d\u0159\u00edve byla samoz\u0159ejmost\u00ed, jako kdy\u017e si nama\u017eete na chleba m\u00e1slo, dnes u\u017e tolik nelet\u00ed. Mnoz\u00ed mlad\u00ed ji nepokl\u00e1daj\u00ed za d\u016fle\u017eitou, pot\u0159ebnou a dokonce n\u011bkte\u0159\u00ed tvrd\u00ed, \u017ee je to akt zbyte\u010dn\u00fd a nepot\u0159ebn\u00fd. N\u011bco na tom asi bude. Kdy\u017e se dva maj\u00ed r\u00e1di, tento akt nepot\u0159ebuj\u00ed a pokud se r\u00e1di nemaj\u00ed, ur\u010dit\u011b jim nijak nepom\u016f\u017ee.                                                                                                                                                                                                                                                                                                                                                                                        3.3\/5 - (3 votes)        "},{"@context":"https:\/\/schema.org\/","@type":"BreadcrumbList","itemListElement":[{"@type":"ListItem","position":1,"name":"Moje l\u00e1ska ze \u0161kolky","item":"https:\/\/www.stavir.cz\/moje-laska-ze-skolky\/#breadcrumbitem"}]}]