[{"@context":"https:\/\/schema.org\/","@type":"Article","@id":"https:\/\/www.stavir.cz\/praha-pro-vas\/#Article","mainEntityOfPage":"https:\/\/www.stavir.cz\/praha-pro-vas\/","headline":"Praha pro v\u00e1s","name":"Praha pro v\u00e1s","description":"Vzpom\u00edn\u00e1m si, \u017ee kdy\u017e jsem byla mal\u00e9 d\u00edt\u011b, tak jsme se st\u00e1le jenom st\u011bhovali. A to bylo hlavn\u011b kv\u016fli tomu, \u017ee na\u0161e maminka m\u011bla opravdu spoustu pr\u00e1ce a tak\u00e9 se ka\u017edou chv\u00edli mamince na\u0161e pr\u00e1ce m\u011bnila. Tak\u017ee to nakonec dopadlo... ","datePublished":"2023-06-26","dateModified":"2023-07-27","author":{"@type":"Person","@id":"https:\/\/www.stavir.cz\/author\/devene\/#Person","name":"devene","url":"https:\/\/www.stavir.cz\/author\/devene\/","identifier":1,"image":{"@type":"ImageObject","@id":"https:\/\/secure.gravatar.com\/avatar\/a231d13c7dfc9c75f2343f864438f5ab9c0bfebd1aa37dfd3bb16118c04f838c?s=96&d=mm&r=g","url":"https:\/\/secure.gravatar.com\/avatar\/a231d13c7dfc9c75f2343f864438f5ab9c0bfebd1aa37dfd3bb16118c04f838c?s=96&d=mm&r=g","height":96,"width":96}},"publisher":{"@type":"Organization","name":"stavir.cz","logo":{"@type":"ImageObject","@id":"\/logo.png","url":"\/logo.png","width":600,"height":60}},"image":{"@type":"ImageObject","@id":"https:\/\/www.stavir.cz\/wp-content\/uploads\/prague-2086967_1280.jpg","url":"https:\/\/www.stavir.cz\/wp-content\/uploads\/prague-2086967_1280.jpg","height":0,"width":0},"url":"https:\/\/www.stavir.cz\/praha-pro-vas\/","about":["Online"],"wordCount":415,"articleBody":"   Vzpom\u00edn\u00e1m si, \u017ee kdy\u017e jsem byla mal\u00e9 d\u00edt\u011b, tak jsme se st\u00e1le jenom st\u011bhovali. A to bylo hlavn\u011b kv\u016fli tomu, \u017ee na\u0161e maminka m\u011bla opravdu spoustu pr\u00e1ce a tak\u00e9 se ka\u017edou chv\u00edli mamince na\u0161e pr\u00e1ce m\u011bnila. Tak\u017ee to nakonec dopadlo tak, \u017ee b\u011bhem prvn\u00edch deseti let m\u00e9ho \u017eivota jsme se st\u011bhovali snad \u0161estkr\u00e1t anebo i sedmkr\u00e1t. A u\u017e si to v\u00e1\u017en\u011b nepamatuji, ale akor\u00e1t co v\u00edm jist\u011b, tak\u017ee m\u011b to to st\u011bhov\u00e1n\u00ed opravdu moc tr\u00e1pilo. A to hlavn\u011b z toho d\u016fvodu, \u017ee kdy\u017e jsme se st\u011bhovali, tak jsem logicky tak\u00e9 m\u011bnila \u0161kolu, a to m\u011b opravdu hodn\u011b vadilo. Dokonce ve dvou \u0161kol\u00e1ch jsem byla \u0161ikanovan\u00e1, tak\u017ee se jist\u011b dok\u00e1\u017eete p\u0159edstavit, jak jsem z toho v\u0161eho byla velice ne\u0161\u0165astn\u00e1 a moc m\u011b to tr\u00e1pilo.Jenom\u017ee pozd\u011bji, kdy\u017e si moje m\u00e1ma ve sv\u00e9 pr\u00e1ci zalo\u017eila vlastn\u00ed firmu bokem, tak tak\u00e9 samoz\u0159ejm\u011b pot\u0159ebovala n\u011bjak\u00e9 m\u00edsta, kam by dala adresu trval\u00e9ho pobytu sv\u00e9 firmy. Mysl\u00edm si, \u017ee tohle bude pot\u0159ebovat \u00fapln\u011b ka\u017ed\u00fd \u010dlov\u011bk, kter\u00fd bude m\u00edt n\u011bjakou firmu a bude pot\u0159ebovat m\u00edt tak\u00e9 trval\u00fd pobyt sv\u00e9 firmy. Proto moje maminka nav\u0161t\u00edvila webov\u00e9 str\u00e1nky profisidla.cz, kde jsou r\u016fzn\u00e9 slu\u017eby, a to v\u010detn\u011b poskytnut\u00ed adrese trval\u00e9ho pobytu. Podle m\u00e9ho n\u00e1zoru m\u00edsto trval\u00e9ho bydli\u0161t\u011b p\u0159i pobytu ob\u010dana \u010cesk\u00e9 republice je takov\u00e1 adresa, kam chod\u00ed po\u0161ta a je to pot\u0159eba st\u00e1tu. Samoz\u0159ejm\u011b, \u017ee nemus\u00ed b\u00fdt toto\u017en\u00e1 s re\u00e1ln\u00fdm bydli\u0161t\u011bm ob\u010dana, kde ob\u010dan\u016f \u017eije. A nav\u00edc tak\u00e9 je skv\u011bl\u00e9, \u017ee profisidla.cz v\u00e1m umo\u017en\u00ed d\u00e1t adresu trval\u00e9ho bydli\u0161t\u011b na opravdu perfektn\u00ed a lukrativn\u00ed m\u00edsto v Praze 1 nebo i klidn\u011b i v Praze 7 \u010di v Praze 8. Nebo tak\u00e9 v Ostrav\u011b a Liberci. Z\u00e1le\u017e\u00ed pouze na v\u00e1s, jak se rozhodnete a\u017e tam d\u00e1te sv\u00e9 virtu\u00e1ln\u00ed s\u00eddlo v Praze. Nav\u00edc poskytnut\u00ed virtu\u00e1ln\u00edho bydli\u0161t\u011b v Praze je cenov\u011b velmi lehce dostupn\u00e9 a jist\u011b se v\u00e1m vyplat\u00ed. \u00c4 virtu\u00e1ln\u00ed trval\u00e9 bydli\u0161t\u011b v Praze se opravdu vyplat\u00ed. Nen\u00ed to drah\u00e9 a m\u00e1te spoustu v\u00fdhod.                                                                                                                                                                                                                                                                                                                                                                                          4.4\/5 - (11 votes)        "},{"@context":"https:\/\/schema.org\/","@type":"BreadcrumbList","itemListElement":[{"@type":"ListItem","position":1,"name":"Praha pro v\u00e1s","item":"https:\/\/www.stavir.cz\/praha-pro-vas\/#breadcrumbitem"}]}]