[{"@context":"https:\/\/schema.org\/","@type":"Article","@id":"https:\/\/www.stavir.cz\/vanoce-v-ceskych-budejovicich\/#Article","mainEntityOfPage":"https:\/\/www.stavir.cz\/vanoce-v-ceskych-budejovicich\/","headline":"V\u00e1noce v \u010cesk\u00fdch Bud\u011bjovic\u00edch","name":"V\u00e1noce v \u010cesk\u00fdch Bud\u011bjovic\u00edch","description":"Bl\u00ed\u017e\u00ed se v\u00e1no\u010dn\u00ed sv\u00e1tky a j\u00e1 si zrovna vybavil sv\u00e9 V\u00e1noce v Such\u00e9m Vrbn\u00e9m. Byly to jedny z m\u00fdch nejkr\u00e1sn\u011bj\u0161\u00edch v\u00e1no\u010dn\u00edch sv\u00e1tk\u016f, nebo\u0165 jsem tu m\u011bl mo\u017enost poznat bezva kamar\u00e1dy a z\u00e1rove\u0148 bydlet alespo\u0148 kr\u00e1tk\u00fd \u010das v \u010cesk\u00fdch Bud\u011bjovic\u00edch. Pro\u017eil... ","datePublished":"2025-10-15","dateModified":"2025-10-15","author":{"@type":"Person","@id":"https:\/\/www.stavir.cz\/author\/devene\/#Person","name":"devene","url":"https:\/\/www.stavir.cz\/author\/devene\/","identifier":1,"image":{"@type":"ImageObject","@id":"https:\/\/secure.gravatar.com\/avatar\/a231d13c7dfc9c75f2343f864438f5ab9c0bfebd1aa37dfd3bb16118c04f838c?s=96&d=mm&r=g","url":"https:\/\/secure.gravatar.com\/avatar\/a231d13c7dfc9c75f2343f864438f5ab9c0bfebd1aa37dfd3bb16118c04f838c?s=96&d=mm&r=g","height":96,"width":96}},"publisher":{"@type":"Organization","name":"stavir.cz","logo":{"@type":"ImageObject","@id":"\/logo.png","url":"\/logo.png","width":600,"height":60}},"image":{"@type":"ImageObject","@id":"https:\/\/www.stavir.cz\/wp-content\/uploads\/christmas-market-7664171_640_2.jpg","url":"https:\/\/www.stavir.cz\/wp-content\/uploads\/christmas-market-7664171_640_2.jpg","height":0,"width":0},"url":"https:\/\/www.stavir.cz\/vanoce-v-ceskych-budejovicich\/","about":["Business"],"wordCount":501,"articleBody":"      Bl\u00ed\u017e\u00ed se v\u00e1no\u010dn\u00ed sv\u00e1tky a j\u00e1 si zrovna vybavil sv\u00e9 V\u00e1noce v Such\u00e9m Vrbn\u00e9m. Byly to jedny z m\u00fdch nejkr\u00e1sn\u011bj\u0161\u00edch v\u00e1no\u010dn\u00edch sv\u00e1tk\u016f, nebo\u0165 jsem tu m\u011bl mo\u017enost poznat bezva kamar\u00e1dy a z\u00e1rove\u0148 bydlet alespo\u0148 kr\u00e1tk\u00fd \u010das v \u010cesk\u00fdch Bud\u011bjovic\u00edch. Pro\u017eil jsem tam sice jen p\u016fl roku, ale bylo to fantastick\u00e9 obdob\u00ed, za kter\u00e9 jsem tak\u00e9 n\u00e1le\u017eit\u011b vd\u011b\u010dn\u00fd. \u010cesk\u00e9 Bud\u011bjovice j\u00e1 osobn\u011b pova\u017euji za jedno z nejkr\u00e1sn\u011bj\u0161\u00edch m\u011bst sv\u011bta. A ka\u017ed\u00e9mu, kdo se rozhodne tu tr\u00e1vit jist\u00fd \u010das v penzionu v \u010cesk\u00fdch Bud\u011bjovic\u00edch penzionurudolfa.cz, to v\u0159ele doporu\u010duji. A jestli\u017ee t\u0159eba pr\u00e1v\u011b vy m\u00e1te z\u00e1jem do jiho\u010desk\u00e9 metropole zav\u00edtat v obdob\u00ed adventu \u010di p\u0159\u00edmo o V\u00e1noc\u00edch, r\u00e1d bych v\u00e1m doporu\u010dil nav\u0161t\u00edvit n\u011bkter\u00e1 v\u00fdjime\u010dn\u00e1 m\u00edsta.Rozhl\u00e9dn\u011bte se kolem sebe. M\u00e1te r\u00e1di dalek\u00e9 rozhledy do okoln\u00ed krajiny? Pak by v\u00e1m mohl vyhovovat v\u00fdstup na \u010cernou v\u011b\u017e v historick\u00e9m j\u00e1dru m\u011bsta. A a\u017e se pokoch\u00e1te n\u00e1m\u011bst\u00edm P\u0159emysla Otakara II. s adventn\u00ed v\u00fdzdobou a prodejn\u00edmi st\u00e1nky, mohli byste se zajet pod\u00edvat na rozhlednu na Kleti. Ta b\u00fdv\u00e1 otev\u0159ena celoro\u010dn\u011b, tedy i v obdob\u00ed v\u00e1no\u010dn\u00edch sv\u00e1tk\u016f a na p\u0159elomu roku.Projd\u011bte se nebo se proje\u010fte pod\u00e9l Vltavy. Vltava ka\u017ed\u00fd rok l\u00e1k\u00e1 tis\u00edce vod\u00e1k\u016f a jej\u00ed kr\u00e1sa by v\u00e1m mohla u\u010darovat i o V\u00e1noc\u00edch. Co se takhle projet na kole nebo proj\u00edt p\u011b\u0161ky pod\u00e9l Vltavy od Tril\u010dova jezu u SK Meteor a\u017e k z\u00e1mku v Hlubok\u00e9 nad Vltavou? Dop\u0159ejte si n\u011bco na zub. V historick\u00e9m j\u00e1dru m\u011bsta je v provozu \u0159ada restaurac\u00ed, cukr\u00e1ren a \u010dajoven a v obdob\u00ed adventu by to tu mohlo b\u00fdt nezapomenuteln\u00e9. V\u00ed\u0159ivka a sauna. V zimn\u00edm obdob\u00ed tak\u00e9 m\u016f\u017ee p\u0159ij\u00edt vhod v\u00ed\u0159ivka a sauna, kter\u00e9 by mohly b\u00fdt p\u0159\u00edmo sou\u010d\u00e1st\u00ed ubytovac\u00edch slu\u017eeb v soukrom\u00e9m penzionu na okraji m\u011bstsk\u00e9ho parku Stromovka. J\u00e1 tuto \u010d\u00e1st m\u011bsta velmi dob\u0159e zn\u00e1m jako p\u011b\u0161\u00ed turista i jako vod\u00e1k a mohu v\u00e1m pobyt v t\u00e9to lokalit\u011b doporu\u010dit nejen o V\u00e1noc\u00edch. M\u016f\u017eete tu pob\u00fdvat jako partne\u0159i p\u0159ed svatbou, m\u016f\u017eete si tu u\u017e\u00edt svatebn\u00ed cestu a m\u016f\u017eete tu tr\u00e1vit sv\u016fj \u010das i s va\u0161imi d\u011btmi. A chcete-li v\u00edce cestovat po okol\u00ed, pak v\u00e1m mohu doporu\u010dit \u010cesk\u00fd Krumlov, T\u0159ebo\u0148, Nov\u00e9 Hrady, Borovany a t\u0159eba i zoologickou zahradu v Hlubok\u00e9 nad Vltavou.                                                                                                                                                                                                                                                                                                                                                                                          3.7\/5 - (3 votes)        "},{"@context":"https:\/\/schema.org\/","@type":"BreadcrumbList","itemListElement":[{"@type":"ListItem","position":1,"name":"V\u00e1noce v \u010cesk\u00fdch Bud\u011bjovic\u00edch","item":"https:\/\/www.stavir.cz\/vanoce-v-ceskych-budejovicich\/#breadcrumbitem"}]}]