{"@context":"https:\/\/schema.org\/","@type":"CollectionPage","@id":"https:\/\/www.stavir.cz\/zahrada-a-dum\/#CollectionPage","headline":"Zahrada a d\u016fm Category","description":"","url":"https:\/\/www.stavir.cz\/zahrada-a-dum\/","hasPart":[{"@type":"Article","@id":"https:\/\/www.stavir.cz\/kdyz-nemaji-lide-penize\/","headline":"Kdy\u017e nemaj\u00ed lid\u00e9 pen\u00edze","url":"https:\/\/www.stavir.cz\/kdyz-nemaji-lide-penize\/","datePublished":"2024-05-17","dateModified":"2024-06-26","mainEntityOfPage":"https:\/\/www.stavir.cz\/kdyz-nemaji-lide-penize\/","author":{"@type":"Person","@id":"https:\/\/www.stavir.cz\/author\/devene\/#Person","name":"devene","url":"https:\/\/www.stavir.cz\/author\/devene\/","identifier":1,"image":{"@type":"ImageObject","@id":"https:\/\/secure.gravatar.com\/avatar\/a231d13c7dfc9c75f2343f864438f5ab9c0bfebd1aa37dfd3bb16118c04f838c?s=96&d=mm&r=g","url":"https:\/\/secure.gravatar.com\/avatar\/a231d13c7dfc9c75f2343f864438f5ab9c0bfebd1aa37dfd3bb16118c04f838c?s=96&d=mm&r=g","height":96,"width":96}},"publisher":{"@type":"Organization","name":"stavir.cz","logo":{"@type":"ImageObject","@id":"\/logo.png","url":"\/logo.png","width":600,"height":60}},"image":{"@type":"ImageObject","@id":"https:\/\/www.stavir.cz\/wp-content\/uploads\/pppppppppppppppppppppppppppppp_6.jpg","url":"https:\/\/www.stavir.cz\/wp-content\/uploads\/pppppppppppppppppppppppppppppp_6.jpg","height":0,"width":0},"keywords":null},{"@type":"Article","@id":"https:\/\/www.stavir.cz\/jak-spravne-navrhnout-interier\/","headline":"Jak spr\u00e1vn\u011b navrhnout interi\u00e9r","url":"https:\/\/www.stavir.cz\/jak-spravne-navrhnout-interier\/","datePublished":"2022-02-09","dateModified":"2023-05-06","mainEntityOfPage":"https:\/\/www.stavir.cz\/jak-spravne-navrhnout-interier\/","author":{"@type":"Person","@id":"https:\/\/www.stavir.cz\/author\/devene\/#Person","name":"devene","url":"https:\/\/www.stavir.cz\/author\/devene\/","identifier":1,"image":{"@type":"ImageObject","@id":"https:\/\/secure.gravatar.com\/avatar\/a231d13c7dfc9c75f2343f864438f5ab9c0bfebd1aa37dfd3bb16118c04f838c?s=96&d=mm&r=g","url":"https:\/\/secure.gravatar.com\/avatar\/a231d13c7dfc9c75f2343f864438f5ab9c0bfebd1aa37dfd3bb16118c04f838c?s=96&d=mm&r=g","height":96,"width":96}},"publisher":{"@type":"Organization","name":"stavir.cz","logo":{"@type":"ImageObject","@id":"\/logo.png","url":"\/logo.png","width":600,"height":60}},"image":{"@type":"ImageObject","@id":"https:\/\/www.stavir.cz\/wp-content\/uploads\/dining-room-g74ac2e019_640.jpg","url":"https:\/\/www.stavir.cz\/wp-content\/uploads\/dining-room-g74ac2e019_640.jpg","height":0,"width":0},"keywords":null},{"@type":"Article","@id":"https:\/\/www.stavir.cz\/zazijte-pritomnost-predatoru-na-vlastni-kuzi\/","headline":"Za\u017eijte p\u0159\u00edtomnost pred\u00e1tor\u016f na vlastn\u00ed k\u016f\u017ei","url":"https:\/\/www.stavir.cz\/zazijte-pritomnost-predatoru-na-vlastni-kuzi\/","datePublished":"2020-09-24","dateModified":"2023-05-06","mainEntityOfPage":"https:\/\/www.stavir.cz\/zazijte-pritomnost-predatoru-na-vlastni-kuzi\/","author":{"@type":"Person","@id":"https:\/\/www.stavir.cz\/author\/devene\/#Person","name":"devene","url":"https:\/\/www.stavir.cz\/author\/devene\/","identifier":1,"image":{"@type":"ImageObject","@id":"https:\/\/secure.gravatar.com\/avatar\/a231d13c7dfc9c75f2343f864438f5ab9c0bfebd1aa37dfd3bb16118c04f838c?s=96&d=mm&r=g","url":"https:\/\/secure.gravatar.com\/avatar\/a231d13c7dfc9c75f2343f864438f5ab9c0bfebd1aa37dfd3bb16118c04f838c?s=96&d=mm&r=g","height":96,"width":96}},"publisher":{"@type":"Organization","name":"stavir.cz","logo":{"@type":"ImageObject","@id":"\/logo.png","url":"\/logo.png","width":600,"height":60}},"image":null,"keywords":null},{"@type":"Article","@id":"https:\/\/www.stavir.cz\/domaci-vinoteka-aneb-in-vino-veritas\/","headline":"Dom\u00e1c\u00ed vinot\u00e9ka aneb In vino veritas","url":"https:\/\/www.stavir.cz\/domaci-vinoteka-aneb-in-vino-veritas\/","datePublished":"2020-09-20","dateModified":"2023-05-06","mainEntityOfPage":"https:\/\/www.stavir.cz\/domaci-vinoteka-aneb-in-vino-veritas\/","author":{"@type":"Person","@id":"https:\/\/www.stavir.cz\/author\/devene\/#Person","name":"devene","url":"https:\/\/www.stavir.cz\/author\/devene\/","identifier":1,"image":{"@type":"ImageObject","@id":"https:\/\/secure.gravatar.com\/avatar\/a231d13c7dfc9c75f2343f864438f5ab9c0bfebd1aa37dfd3bb16118c04f838c?s=96&d=mm&r=g","url":"https:\/\/secure.gravatar.com\/avatar\/a231d13c7dfc9c75f2343f864438f5ab9c0bfebd1aa37dfd3bb16118c04f838c?s=96&d=mm&r=g","height":96,"width":96}},"publisher":{"@type":"Organization","name":"stavir.cz","logo":{"@type":"ImageObject","@id":"\/logo.png","url":"\/logo.png","width":600,"height":60}},"image":{"@type":"ImageObject","@id":"https:\/\/www.stavir.cz\/wp-content\/uploads\/img_a291045_w2032_t1503847995.jpg","url":"https:\/\/www.stavir.cz\/wp-content\/uploads\/img_a291045_w2032_t1503847995.jpg","height":0,"width":0},"keywords":null},{"@type":"Article","@id":"https:\/\/www.stavir.cz\/nevitani-navstevnici-v-nasem-domove\/","headline":"Nev\u00edtan\u00ed n\u00e1v\u0161t\u011bvn\u00edci v na\u0161em domov\u011b","url":"https:\/\/www.stavir.cz\/nevitani-navstevnici-v-nasem-domove\/","datePublished":"2020-09-11","dateModified":"2023-05-06","mainEntityOfPage":"https:\/\/www.stavir.cz\/nevitani-navstevnici-v-nasem-domove\/","author":{"@type":"Person","@id":"https:\/\/www.stavir.cz\/author\/devene\/#Person","name":"devene","url":"https:\/\/www.stavir.cz\/author\/devene\/","identifier":1,"image":{"@type":"ImageObject","@id":"https:\/\/secure.gravatar.com\/avatar\/a231d13c7dfc9c75f2343f864438f5ab9c0bfebd1aa37dfd3bb16118c04f838c?s=96&d=mm&r=g","url":"https:\/\/secure.gravatar.com\/avatar\/a231d13c7dfc9c75f2343f864438f5ab9c0bfebd1aa37dfd3bb16118c04f838c?s=96&d=mm&r=g","height":96,"width":96}},"publisher":{"@type":"Organization","name":"stavir.cz","logo":{"@type":"ImageObject","@id":"\/logo.png","url":"\/logo.png","width":600,"height":60}},"image":null,"keywords":null},{"@type":"Article","@id":"https:\/\/www.stavir.cz\/bazen-zapusteny-v-terenu-zahrady\/","headline":"Baz\u00e9n zapu\u0161t\u011bn\u00fd v ter\u00e9nu zahrady","url":"https:\/\/www.stavir.cz\/bazen-zapusteny-v-terenu-zahrady\/","datePublished":"2020-02-08","dateModified":"2023-05-06","mainEntityOfPage":"https:\/\/www.stavir.cz\/bazen-zapusteny-v-terenu-zahrady\/","author":{"@type":"Person","@id":"https:\/\/www.stavir.cz\/author\/devene\/#Person","name":"devene","url":"https:\/\/www.stavir.cz\/author\/devene\/","identifier":1,"image":{"@type":"ImageObject","@id":"https:\/\/secure.gravatar.com\/avatar\/a231d13c7dfc9c75f2343f864438f5ab9c0bfebd1aa37dfd3bb16118c04f838c?s=96&d=mm&r=g","url":"https:\/\/secure.gravatar.com\/avatar\/a231d13c7dfc9c75f2343f864438f5ab9c0bfebd1aa37dfd3bb16118c04f838c?s=96&d=mm&r=g","height":96,"width":96}},"publisher":{"@type":"Organization","name":"stavir.cz","logo":{"@type":"ImageObject","@id":"\/logo.png","url":"\/logo.png","width":600,"height":60}},"image":{"@type":"ImageObject","@id":"https:\/\/www.stavir.cz\/wp-content\/uploads\/img_a371859_w4264_t1583012056.jpg","url":"https:\/\/www.stavir.cz\/wp-content\/uploads\/img_a371859_w4264_t1583012056.jpg","height":0,"width":0},"keywords":null},{"@type":"Article","@id":"https:\/\/www.stavir.cz\/krasne-vnitrni-i-venkovni-prostory\/","headline":"Kr\u00e1sn\u00e9 vnit\u0159n\u00ed i venkovn\u00ed prostory","url":"https:\/\/www.stavir.cz\/krasne-vnitrni-i-venkovni-prostory\/","datePublished":"2016-11-24","dateModified":"2023-05-06","mainEntityOfPage":"https:\/\/www.stavir.cz\/krasne-vnitrni-i-venkovni-prostory\/","author":{"@type":"Person","@id":"https:\/\/www.stavir.cz\/author\/devene\/#Person","name":"devene","url":"https:\/\/www.stavir.cz\/author\/devene\/","identifier":1,"image":{"@type":"ImageObject","@id":"https:\/\/secure.gravatar.com\/avatar\/a231d13c7dfc9c75f2343f864438f5ab9c0bfebd1aa37dfd3bb16118c04f838c?s=96&d=mm&r=g","url":"https:\/\/secure.gravatar.com\/avatar\/a231d13c7dfc9c75f2343f864438f5ab9c0bfebd1aa37dfd3bb16118c04f838c?s=96&d=mm&r=g","height":96,"width":96}},"publisher":{"@type":"Organization","name":"stavir.cz","logo":{"@type":"ImageObject","@id":"\/logo.png","url":"\/logo.png","width":600,"height":60}},"image":{"@type":"ImageObject","@id":"https:\/\/www.stavir.cz\/wp-content\/uploads\/img_a279034_w4460_t1602655531.jpg","url":"https:\/\/www.stavir.cz\/wp-content\/uploads\/img_a279034_w4460_t1602655531.jpg","height":0,"width":0},"keywords":null}]}