[{"@context":"https:\/\/schema.org\/","@type":"Article","@id":"https:\/\/www.stavir.cz\/zijeme-v-menici-se-dobe\/#Article","mainEntityOfPage":"https:\/\/www.stavir.cz\/zijeme-v-menici-se-dobe\/","headline":"\u017dijeme v m\u011bn\u00edc\u00ed se dob\u011b.","name":"\u017dijeme v m\u011bn\u00edc\u00ed se dob\u011b.","description":"Je \u010d\u00edm d\u00e1l v\u00edc z\u0159ejm\u00e9, \u017ee se doba st\u00e1le v\u00edce a v\u00edce zrychluje. Je\u0161t\u011b p\u0159ed sto lety byli lid\u00e9 r\u00e1di za vyn\u00e1lez a roz\u0161\u00ed\u0159en\u00ed pou\u017e\u00edv\u00e1n\u00ed penicilinu. Chud\u0161\u00ed lid\u00e9 \u017eili v dom\u00e1cnostech se spoustou d\u011bt\u00ed a bez elekt\u0159iny, plynu, n\u011bkdy i... ","datePublished":"2025-06-14","dateModified":"2025-06-14","author":{"@type":"Person","@id":"https:\/\/www.stavir.cz\/author\/devene\/#Person","name":"devene","url":"https:\/\/www.stavir.cz\/author\/devene\/","identifier":1,"image":{"@type":"ImageObject","@id":"https:\/\/secure.gravatar.com\/avatar\/a231d13c7dfc9c75f2343f864438f5ab9c0bfebd1aa37dfd3bb16118c04f838c?s=96&d=mm&r=g","url":"https:\/\/secure.gravatar.com\/avatar\/a231d13c7dfc9c75f2343f864438f5ab9c0bfebd1aa37dfd3bb16118c04f838c?s=96&d=mm&r=g","height":96,"width":96}},"publisher":{"@type":"Organization","name":"stavir.cz","logo":{"@type":"ImageObject","@id":"\/logo.png","url":"\/logo.png","width":600,"height":60}},"image":{"@type":"ImageObject","@id":"https:\/\/www.stavir.cz\/wp-content\/uploads\/%C5%BElut%C3%BD%20kratom_1.png","url":"https:\/\/www.stavir.cz\/wp-content\/uploads\/%C5%BElut%C3%BD%20kratom_1.png","height":0,"width":0},"url":"https:\/\/www.stavir.cz\/zijeme-v-menici-se-dobe\/","about":["N\u00e1kupy"],"wordCount":415,"articleBody":"      Je \u010d\u00edm d\u00e1l v\u00edc z\u0159ejm\u00e9, \u017ee se doba st\u00e1le v\u00edce a v\u00edce zrychluje. Je\u0161t\u011b p\u0159ed sto lety byli lid\u00e9 r\u00e1di za vyn\u00e1lez a roz\u0161\u00ed\u0159en\u00ed pou\u017e\u00edv\u00e1n\u00ed penicilinu. Chud\u0161\u00ed lid\u00e9 \u017eili v dom\u00e1cnostech se spoustou d\u011bt\u00ed a bez elekt\u0159iny, plynu, n\u011bkdy i vody. Z\u00e1kladem \u017eivota byla t\u011b\u017ek\u00e1 pr\u00e1ce bez odpo\u010dinku a kr\u00e1tk\u00fd \u017eivot s m\u00e1lo vyhl\u00eddkami. Kdybychom se pod\u00edvali o pades\u00e1t let d\u00e1l, vid\u011bli bychom velk\u00e9 zhor\u0161en\u00ed v r\u00e1mci politick\u00e9 sf\u00e9ry (t\u011b\u017ek\u00fd totalitn\u00ed re\u017eim), za to ale z\u00e1sadn\u00ed zlep\u0161en\u00ed v oblasti b\u011b\u017en\u00e9ho \u017eivota. V\u011bt\u0161ina dom\u00e1cnost\u00ed z\u00edskala p\u0159\u00edstup k z\u00e1kladn\u00edmu vybaven\u00ed, elektrick\u00e9 energii, vodovodn\u00edmu potrub\u00ed, splachovac\u00edmu z\u00e1chodu i relativn\u011b dobr\u00e9 zdravotn\u00ed p\u00e9\u010di. Rodiny vlastnily barevn\u00e9 televizory, pra\u010dku, vysava\u010d a mnohdy i auto. Jezdilo se na chatu, a dokonce i na dovolenou. I kdy\u017e jen za specifick\u00fdch podm\u00ednek a na schv\u00e1len\u00e1 m\u00edsta. Posledn\u00ed pades\u00e1tilet\u00fd skok n\u00e1s p\u0159evede do sou\u010dasnosti, co\u017e je skok a\u017e neuv\u011b\u0159iteln\u00fd. V dne\u0161n\u00ed dob\u011b nov\u00fdch technologi\u00ed, soci\u00e1ln\u00edch s\u00edt\u00ed, digit\u00e1ln\u00edho sv\u011bta a um\u011bl\u00e9 inteligence, kdy zdravotnictv\u00ed je na \u0161pi\u010dkov\u00e9 \u00farovni a n\u00e1\u0161 b\u011b\u017en\u00fd \u017eivot je tak pohodln\u00fd, jak jen si um\u00edme p\u0159edstavit, m\u00e1me v\u0161echno, o co p\u0159edchoz\u00ed generace usilovaly. Nehroz\u00ed n\u00e1m z p\u0159\u00edm\u00e9 bl\u00edzkosti v\u00e1lky ani politick\u00fd \u00fatlak a budoucnost je p\u0159ed n\u00e1mi otev\u0159en\u00e1. Bohu\u017eel za v\u0161echny tyto v\u00fddobytky ale plat\u00edme tak\u00e9 t\u011b\u017ekou da\u0148. N\u00e1\u0161 \u017eivot se z hodiny na hodinu m\u011bn\u00ed a zrychluje. Kdy\u017e jdete ve\u010der sp\u00e1t, netu\u0161\u00edte, do jak\u00e9ho sv\u011bta se r\u00e1no probud\u00edte. Den co den n\u00e1s v\u00fdvoj nut\u00ed ke zb\u011bsilej\u0161\u00edmu tempu, u\u010den\u00ed a p\u0159izp\u016fsobov\u00e1n\u00ed. Proto tak\u00e9 \u0159ada lid\u00ed hled\u00e1 nejr\u016fzn\u011bj\u0161\u00ed zp\u016fsoby povzbuzen\u00ed a zv\u00fd\u0161en\u00ed energie. Pokud v\u00e1s tedy podobn\u011b jako ostatn\u00ed napadla ot\u00e1zka kde koupit kratom, pak jste na spr\u00e1vn\u00e9m m\u00edst\u011b. M\u016f\u017eete nav\u0161t\u00edvit str\u00e1nky https:\/\/www.megakratom.cz\/ a budete m\u00edt o starost m\u00e9n\u011b. Najd\u011bte si svou cestu a vyzkou\u0161ejte v\u0161echny mo\u017enosti, kter\u00e9 n\u00e1m dne\u0161n\u00ed rychl\u00e1 doba nab\u00edz\u00ed.                                                                                                                                                                                                                                                                                                                                                                                          3.9\/5 - (9 votes)        "},{"@context":"https:\/\/schema.org\/","@type":"BreadcrumbList","itemListElement":[{"@type":"ListItem","position":1,"name":"\u017dijeme v m\u011bn\u00edc\u00ed se dob\u011b.","item":"https:\/\/www.stavir.cz\/zijeme-v-menici-se-dobe\/#breadcrumbitem"}]}]